{"id":3672,"date":"2024-11-19T11:58:36","date_gmt":"2024-11-19T14:58:36","guid":{"rendered":"https:\/\/ens9006-infd.mendoza.edu.ar\/sitio\/?p=3672"},"modified":"2024-11-19T12:03:57","modified_gmt":"2024-11-19T15:03:57","slug":"xii-jornadas-de-practica-profesional-y-residencia-docente-2024","status":"publish","type":"post","link":"https:\/\/ens9006-infd.mendoza.edu.ar\/sitio\/xii-jornadas-de-practica-profesional-y-residencia-docente-2024\/","title":{"rendered":"XII Jornadas de Pr\u00e1ctica Profesional y Residencia Docente 2024"},"content":{"rendered":"\n<p>&#x1f331; \u00abDe Ra\u00edces venimos, a Ra\u00edces vamos.\u00bb&#x1f331;<\/p>\n\n\n\n<p>Hace 12 a\u00f1os venimos realizando estas maravillosas Jornadas que buscan vivenciar lo aprendido durante el a\u00f1o de pr\u00e1cticas en el territorio.<\/p>\n\n\n\n<p>Este a\u00f1o hemos pensado y planificado las pr\u00e1cticas en nuestro Instituto desde un idea: LAS RA\u00cdCES. Se preguntar\u00e1n \u00bfpor qu\u00e9 las ra\u00edces? Porque las ra\u00edces siempre nos hacen volver a los or\u00edgenes\u2026ser capaces de mirar nuestras ra\u00edces es construir memoria para poder elegir qu\u00e9 presentes y futuros deseamos escribir y vivir.<\/p>\n\n\n\n<p>Todo tiene ra\u00edces, tal vez, sea tiempo de frenar y que, quienes nos dedicamos a la educaci\u00f3n, al arte y a la cultura, tengamos la valent\u00eda de preguntarnos de qu\u00e9 ra\u00edces venimos y qu\u00e9 ra\u00edces queremos ser en nuestra trama social.<\/p>\n\n\n\n<p>En estas Jornadas nos hemos propuesto sentir a Las Pr\u00e1cticas como ese espacio de construcci\u00f3n de miradas de ra\u00edz que exploran el origen de todo lo que observamos en los territorios.<br>\u00abSanando juntos nuestras propias ra\u00edces para que, de ellas, florezcan Pr\u00e1cticas que (nos) transformen.\u00bb<\/p>\n\n\n\n<h4 class=\"wp-block-heading\">&#x1f331; Viernes 8 de noviembre de 8:30 a 12:30 hs en la Plaza Departamental<\/h4>\n\n\n\n<p>Habitamos nuestro espacio p\u00fablico a trav\u00e9s de un recorrido educativo, l\u00fadico, creativo, art\u00edstico, experimental y did\u00e1ctico que muestra lo transitado y des-aprendido en el campo de las Pr\u00e1cticas.<br>La actuaci\u00f3n de la emblem\u00e1tica Banda Municipal Blas Blotta.<br>La participaci\u00f3n especial del coro infantil de la escuela N\u00b0 1-515 \u00abLeonor Ferreyra\u00bb: Escuela asociada.<\/p>\n\n\n\n<p>Muestra del proyecto \u00abQuinta La Leonor\u00bb a cargo de docentes coformadores y ni\u00f1os de 7\u00b0 grado de la Escuela Leonor Ferreyra.<\/p>\n\n\n\n<p>Nos acompa\u00f1aron escuelas asociadas de diferentes niveles y modalidades, quienes participaron activamente de todos y cada uno de los espacios dise\u00f1ados en nuestra Plaza, incluso del concierto did\u00e1ctica brindado por nuestra querida Banda.<\/p>\n\n\n\n<p>Estudiantes de nuestro Instituto nos deleitaron junto a la Banda con su danza folcl\u00f3rica, viajando m\u00e1s y m\u00e1s a nuestras ra\u00edces culturales.<\/p>\n\n\n\n<p>Estuvieron presentes instituciones con las que articulamos desde el campo de la Pr\u00e1ctica Profesional Docente: el Area Sanitaria del departamento y el Hogar de Ni\u00f1os \u00abLos Campeones\u00bb.<\/p>\n\n\n\n<p>La estudiante Noelia Campagna, del Profesorado de Educaci\u00f3n Primaria, quien ya ha culminado su recorrido de 4 a\u00f1os de Pr\u00e1ctica en su formaci\u00f3n docente inicial nos brind\u00f3 unas palabras acerca de las ra\u00edces que ha construido y abrazado en cada espacio de pr\u00e1cticas. Nos ayud\u00f3 a repensar que en cada ra\u00edz late un paisaje humano que nos ense\u00f1\u00f3, por ello cuidar la ra\u00edz es comenzar a construir una identidad docente m\u00e1s sensible y plural.<\/p>\n\n\n\n<p>Fue un honor tener la presencia de quienes, como ustedes, hacen posible que estos procesos de formaci\u00f3n sucedan y transformen tantos destinos, tejiendo proyectos colectivos que nos incluyan.<\/p>\n\n\n\n<p>El viernes 8 de noviembre nuestra Plaza fue habitada por diferentes instituciones y organizaciones de la comunidad, porque hemos aprendido que somos RED, somos TRAMA, y que nos une una RA\u00cdZ: una certeza: Nadie se salva solo. Siempre la salida es colectiva.<\/p>\n\n\n\n<figure class=\"wp-block-gallery has-nested-images columns-4 is-cropped wp-block-gallery-1 is-layout-flex\">\n<figure class=\"wp-block-image size-large is-style-default\"><a href=\"https:\/\/ens9006-infd.mendoza.edu.ar\/sitio\/wp-content\/uploads\/2024\/11\/Jornadas-de-practiica-2024.jpg\"><img decoding=\"async\" loading=\"lazy\" width=\"900\" height=\"506\" data-id=\"3683\"  src=\"https:\/\/ens9006-infd.mendoza.edu.ar\/sitio\/wp-content\/uploads\/2024\/11\/Jornadas-de-practiica-2024.jpg\" alt=\"\" class=\"wp-image-3683\" srcset=\"https:\/\/ens9006-infd.mendoza.edu.ar\/sitio\/wp-content\/uploads\/2024\/11\/Jornadas-de-practiica-2024.jpg 900w, https:\/\/ens9006-infd.mendoza.edu.ar\/sitio\/wp-content\/uploads\/2024\/11\/Jornadas-de-practiica-2024-768x432.jpg 768w\" sizes=\"(max-width: 900px) 100vw, 900px\" \/><\/a><\/figure>\n\n\n\n<figure class=\"wp-block-image size-large is-style-default\"><a href=\"https:\/\/ens9006-infd.mendoza.edu.ar\/sitio\/wp-content\/uploads\/2024\/11\/Jornadas-de-practiica-2024_1.jpg\"><img decoding=\"async\" loading=\"lazy\" width=\"900\" height=\"506\" data-id=\"3685\"  src=\"https:\/\/ens9006-infd.mendoza.edu.ar\/sitio\/wp-content\/uploads\/2024\/11\/Jornadas-de-practiica-2024_1.jpg\" alt=\"\" class=\"wp-image-3685\" srcset=\"https:\/\/ens9006-infd.mendoza.edu.ar\/sitio\/wp-content\/uploads\/2024\/11\/Jornadas-de-practiica-2024_1.jpg 900w, https:\/\/ens9006-infd.mendoza.edu.ar\/sitio\/wp-content\/uploads\/2024\/11\/Jornadas-de-practiica-2024_1-768x432.jpg 768w\" sizes=\"(max-width: 900px) 100vw, 900px\" \/><\/a><\/figure>\n\n\n\n<figure class=\"wp-block-image size-large is-style-default\"><a href=\"https:\/\/ens9006-infd.mendoza.edu.ar\/sitio\/wp-content\/uploads\/2024\/11\/Jornadas-de-practiica-2024_2.jpg\"><img decoding=\"async\" loading=\"lazy\" width=\"900\" height=\"506\" data-id=\"3681\"  src=\"https:\/\/ens9006-infd.mendoza.edu.ar\/sitio\/wp-content\/uploads\/2024\/11\/Jornadas-de-practiica-2024_2.jpg\" alt=\"\" class=\"wp-image-3681\" srcset=\"https:\/\/ens9006-infd.mendoza.edu.ar\/sitio\/wp-content\/uploads\/2024\/11\/Jornadas-de-practiica-2024_2.jpg 900w, https:\/\/ens9006-infd.mendoza.edu.ar\/sitio\/wp-content\/uploads\/2024\/11\/Jornadas-de-practiica-2024_2-768x432.jpg 768w\" sizes=\"(max-width: 900px) 100vw, 900px\" \/><\/a><\/figure>\n\n\n\n<figure class=\"wp-block-image size-large is-style-default\"><a href=\"https:\/\/ens9006-infd.mendoza.edu.ar\/sitio\/wp-content\/uploads\/2024\/11\/Jornadas-de-practiica-2024_3.jpg\"><img decoding=\"async\" loading=\"lazy\" width=\"900\" height=\"506\" data-id=\"3680\"  src=\"https:\/\/ens9006-infd.mendoza.edu.ar\/sitio\/wp-content\/uploads\/2024\/11\/Jornadas-de-practiica-2024_3.jpg\" alt=\"\" class=\"wp-image-3680\" srcset=\"https:\/\/ens9006-infd.mendoza.edu.ar\/sitio\/wp-content\/uploads\/2024\/11\/Jornadas-de-practiica-2024_3.jpg 900w, https:\/\/ens9006-infd.mendoza.edu.ar\/sitio\/wp-content\/uploads\/2024\/11\/Jornadas-de-practiica-2024_3-768x432.jpg 768w\" sizes=\"(max-width: 900px) 100vw, 900px\" \/><\/a><\/figure>\n\n\n\n<figure class=\"wp-block-image size-large is-style-default\"><a href=\"https:\/\/ens9006-infd.mendoza.edu.ar\/sitio\/wp-content\/uploads\/2024\/11\/Jornadas-de-practiica-2024_4.jpg\"><img decoding=\"async\" loading=\"lazy\" width=\"900\" height=\"506\" data-id=\"3682\"  src=\"https:\/\/ens9006-infd.mendoza.edu.ar\/sitio\/wp-content\/uploads\/2024\/11\/Jornadas-de-practiica-2024_4.jpg\" alt=\"\" class=\"wp-image-3682\" srcset=\"https:\/\/ens9006-infd.mendoza.edu.ar\/sitio\/wp-content\/uploads\/2024\/11\/Jornadas-de-practiica-2024_4.jpg 900w, https:\/\/ens9006-infd.mendoza.edu.ar\/sitio\/wp-content\/uploads\/2024\/11\/Jornadas-de-practiica-2024_4-768x432.jpg 768w\" sizes=\"(max-width: 900px) 100vw, 900px\" \/><\/a><\/figure>\n\n\n\n<figure class=\"wp-block-image size-large is-style-default\"><a href=\"https:\/\/ens9006-infd.mendoza.edu.ar\/sitio\/wp-content\/uploads\/2024\/11\/Jornadas-de-practiica-2024_5.jpg\"><img decoding=\"async\" loading=\"lazy\" width=\"900\" height=\"675\" data-id=\"3684\"  src=\"https:\/\/ens9006-infd.mendoza.edu.ar\/sitio\/wp-content\/uploads\/2024\/11\/Jornadas-de-practiica-2024_5.jpg\" alt=\"\" class=\"wp-image-3684\" srcset=\"https:\/\/ens9006-infd.mendoza.edu.ar\/sitio\/wp-content\/uploads\/2024\/11\/Jornadas-de-practiica-2024_5.jpg 900w, https:\/\/ens9006-infd.mendoza.edu.ar\/sitio\/wp-content\/uploads\/2024\/11\/Jornadas-de-practiica-2024_5-768x576.jpg 768w\" sizes=\"(max-width: 900px) 100vw, 900px\" \/><\/a><\/figure>\n\n\n\n<figure class=\"wp-block-image size-large is-style-default\"><a href=\"https:\/\/ens9006-infd.mendoza.edu.ar\/sitio\/wp-content\/uploads\/2024\/11\/Jornadas-de-practiica-2024_6.jpg\"><img decoding=\"async\" loading=\"lazy\" width=\"900\" height=\"675\" data-id=\"3686\"  src=\"https:\/\/ens9006-infd.mendoza.edu.ar\/sitio\/wp-content\/uploads\/2024\/11\/Jornadas-de-practiica-2024_6.jpg\" alt=\"\" class=\"wp-image-3686\" srcset=\"https:\/\/ens9006-infd.mendoza.edu.ar\/sitio\/wp-content\/uploads\/2024\/11\/Jornadas-de-practiica-2024_6.jpg 900w, https:\/\/ens9006-infd.mendoza.edu.ar\/sitio\/wp-content\/uploads\/2024\/11\/Jornadas-de-practiica-2024_6-768x576.jpg 768w\" sizes=\"(max-width: 900px) 100vw, 900px\" \/><\/a><\/figure>\n\n\n\n<figure class=\"wp-block-image size-large is-style-default\"><a href=\"https:\/\/ens9006-infd.mendoza.edu.ar\/sitio\/wp-content\/uploads\/2024\/11\/Jornadas-de-practiica-2024_7.jpg\"><img decoding=\"async\" loading=\"lazy\" width=\"900\" height=\"675\" data-id=\"3687\"  src=\"https:\/\/ens9006-infd.mendoza.edu.ar\/sitio\/wp-content\/uploads\/2024\/11\/Jornadas-de-practiica-2024_7.jpg\" alt=\"\" class=\"wp-image-3687\" srcset=\"https:\/\/ens9006-infd.mendoza.edu.ar\/sitio\/wp-content\/uploads\/2024\/11\/Jornadas-de-practiica-2024_7.jpg 900w, https:\/\/ens9006-infd.mendoza.edu.ar\/sitio\/wp-content\/uploads\/2024\/11\/Jornadas-de-practiica-2024_7-768x576.jpg 768w\" sizes=\"(max-width: 900px) 100vw, 900px\" \/><\/a><\/figure>\n\n\n\n<figure class=\"wp-block-image size-large is-style-default\"><a href=\"https:\/\/ens9006-infd.mendoza.edu.ar\/sitio\/wp-content\/uploads\/2024\/11\/Jornadas-de-practiica-2024_8.jpg\"><img decoding=\"async\" loading=\"lazy\" width=\"900\" height=\"675\" data-id=\"3688\"  src=\"https:\/\/ens9006-infd.mendoza.edu.ar\/sitio\/wp-content\/uploads\/2024\/11\/Jornadas-de-practiica-2024_8.jpg\" alt=\"\" class=\"wp-image-3688\" srcset=\"https:\/\/ens9006-infd.mendoza.edu.ar\/sitio\/wp-content\/uploads\/2024\/11\/Jornadas-de-practiica-2024_8.jpg 900w, https:\/\/ens9006-infd.mendoza.edu.ar\/sitio\/wp-content\/uploads\/2024\/11\/Jornadas-de-practiica-2024_8-768x576.jpg 768w\" sizes=\"(max-width: 900px) 100vw, 900px\" \/><\/a><\/figure>\n\n\n\n<figure class=\"wp-block-image size-large is-style-default\"><a href=\"https:\/\/ens9006-infd.mendoza.edu.ar\/sitio\/wp-content\/uploads\/2024\/11\/Jornadas-de-practiica-2024_25.jpg\"><img decoding=\"async\" loading=\"lazy\" width=\"900\" height=\"675\" data-id=\"3705\"  src=\"https:\/\/ens9006-infd.mendoza.edu.ar\/sitio\/wp-content\/uploads\/2024\/11\/Jornadas-de-practiica-2024_25.jpg\" alt=\"\" class=\"wp-image-3705\" srcset=\"https:\/\/ens9006-infd.mendoza.edu.ar\/sitio\/wp-content\/uploads\/2024\/11\/Jornadas-de-practiica-2024_25.jpg 900w, https:\/\/ens9006-infd.mendoza.edu.ar\/sitio\/wp-content\/uploads\/2024\/11\/Jornadas-de-practiica-2024_25-768x576.jpg 768w\" sizes=\"(max-width: 900px) 100vw, 900px\" \/><\/a><\/figure>\n\n\n\n<figure class=\"wp-block-image size-large is-style-default\"><a href=\"https:\/\/ens9006-infd.mendoza.edu.ar\/sitio\/wp-content\/uploads\/2024\/11\/Jornadas-de-practiica-2024_26.jpg\"><img decoding=\"async\" loading=\"lazy\" width=\"900\" height=\"675\" data-id=\"3704\"  src=\"https:\/\/ens9006-infd.mendoza.edu.ar\/sitio\/wp-content\/uploads\/2024\/11\/Jornadas-de-practiica-2024_26.jpg\" alt=\"\" class=\"wp-image-3704\" srcset=\"https:\/\/ens9006-infd.mendoza.edu.ar\/sitio\/wp-content\/uploads\/2024\/11\/Jornadas-de-practiica-2024_26.jpg 900w, https:\/\/ens9006-infd.mendoza.edu.ar\/sitio\/wp-content\/uploads\/2024\/11\/Jornadas-de-practiica-2024_26-768x576.jpg 768w\" sizes=\"(max-width: 900px) 100vw, 900px\" \/><\/a><\/figure>\n\n\n\n<figure class=\"wp-block-image size-large is-style-default\"><a href=\"https:\/\/ens9006-infd.mendoza.edu.ar\/sitio\/wp-content\/uploads\/2024\/11\/Jornadas-de-practiica-2024_27.jpg\"><img decoding=\"async\" loading=\"lazy\" width=\"900\" height=\"675\" data-id=\"3711\"  src=\"https:\/\/ens9006-infd.mendoza.edu.ar\/sitio\/wp-content\/uploads\/2024\/11\/Jornadas-de-practiica-2024_27.jpg\" alt=\"\" class=\"wp-image-3711\" srcset=\"https:\/\/ens9006-infd.mendoza.edu.ar\/sitio\/wp-content\/uploads\/2024\/11\/Jornadas-de-practiica-2024_27.jpg 900w, https:\/\/ens9006-infd.mendoza.edu.ar\/sitio\/wp-content\/uploads\/2024\/11\/Jornadas-de-practiica-2024_27-768x576.jpg 768w\" sizes=\"(max-width: 900px) 100vw, 900px\" \/><\/a><\/figure>\n\n\n\n<figure class=\"wp-block-image size-large is-style-default\"><a href=\"https:\/\/ens9006-infd.mendoza.edu.ar\/sitio\/wp-content\/uploads\/2024\/11\/Jornadas-de-practiica-2024_28.jpg\"><img decoding=\"async\" loading=\"lazy\" width=\"900\" height=\"675\" data-id=\"3706\"  src=\"https:\/\/ens9006-infd.mendoza.edu.ar\/sitio\/wp-content\/uploads\/2024\/11\/Jornadas-de-practiica-2024_28.jpg\" alt=\"\" class=\"wp-image-3706\" srcset=\"https:\/\/ens9006-infd.mendoza.edu.ar\/sitio\/wp-content\/uploads\/2024\/11\/Jornadas-de-practiica-2024_28.jpg 900w, https:\/\/ens9006-infd.mendoza.edu.ar\/sitio\/wp-content\/uploads\/2024\/11\/Jornadas-de-practiica-2024_28-768x576.jpg 768w\" sizes=\"(max-width: 900px) 100vw, 900px\" \/><\/a><\/figure>\n\n\n\n<figure class=\"wp-block-image size-large is-style-default\"><a href=\"https:\/\/ens9006-infd.mendoza.edu.ar\/sitio\/wp-content\/uploads\/2024\/11\/Jornadas-de-practiica-2024_29.jpg\"><img decoding=\"async\" loading=\"lazy\" width=\"900\" height=\"507\" data-id=\"3709\"  src=\"https:\/\/ens9006-infd.mendoza.edu.ar\/sitio\/wp-content\/uploads\/2024\/11\/Jornadas-de-practiica-2024_29.jpg\" alt=\"\" class=\"wp-image-3709\" srcset=\"https:\/\/ens9006-infd.mendoza.edu.ar\/sitio\/wp-content\/uploads\/2024\/11\/Jornadas-de-practiica-2024_29.jpg 900w, https:\/\/ens9006-infd.mendoza.edu.ar\/sitio\/wp-content\/uploads\/2024\/11\/Jornadas-de-practiica-2024_29-768x433.jpg 768w\" sizes=\"(max-width: 900px) 100vw, 900px\" \/><\/a><\/figure>\n\n\n\n<figure class=\"wp-block-image size-large is-style-default\"><a href=\"https:\/\/ens9006-infd.mendoza.edu.ar\/sitio\/wp-content\/uploads\/2024\/11\/Jornadas-de-practiica-2024_30.jpg\"><img decoding=\"async\" loading=\"lazy\" width=\"900\" height=\"675\" data-id=\"3707\"  src=\"https:\/\/ens9006-infd.mendoza.edu.ar\/sitio\/wp-content\/uploads\/2024\/11\/Jornadas-de-practiica-2024_30.jpg\" alt=\"\" class=\"wp-image-3707\" srcset=\"https:\/\/ens9006-infd.mendoza.edu.ar\/sitio\/wp-content\/uploads\/2024\/11\/Jornadas-de-practiica-2024_30.jpg 900w, https:\/\/ens9006-infd.mendoza.edu.ar\/sitio\/wp-content\/uploads\/2024\/11\/Jornadas-de-practiica-2024_30-768x576.jpg 768w\" sizes=\"(max-width: 900px) 100vw, 900px\" \/><\/a><\/figure>\n\n\n\n<figure class=\"wp-block-image size-large is-style-default\"><a href=\"https:\/\/ens9006-infd.mendoza.edu.ar\/sitio\/wp-content\/uploads\/2024\/11\/Jornadas-de-practiica-2024_31.jpg\"><img decoding=\"async\" loading=\"lazy\" width=\"900\" height=\"405\" data-id=\"3708\"  src=\"https:\/\/ens9006-infd.mendoza.edu.ar\/sitio\/wp-content\/uploads\/2024\/11\/Jornadas-de-practiica-2024_31.jpg\" alt=\"\" class=\"wp-image-3708\" srcset=\"https:\/\/ens9006-infd.mendoza.edu.ar\/sitio\/wp-content\/uploads\/2024\/11\/Jornadas-de-practiica-2024_31.jpg 900w, https:\/\/ens9006-infd.mendoza.edu.ar\/sitio\/wp-content\/uploads\/2024\/11\/Jornadas-de-practiica-2024_31-768x346.jpg 768w\" sizes=\"(max-width: 900px) 100vw, 900px\" \/><\/a><\/figure>\n\n\n\n<figure class=\"wp-block-image size-large is-style-default\"><a href=\"https:\/\/ens9006-infd.mendoza.edu.ar\/sitio\/wp-content\/uploads\/2024\/11\/Jornadas-de-practiica-2024_32.jpg\"><img decoding=\"async\" loading=\"lazy\" width=\"900\" height=\"675\" data-id=\"3712\"  src=\"https:\/\/ens9006-infd.mendoza.edu.ar\/sitio\/wp-content\/uploads\/2024\/11\/Jornadas-de-practiica-2024_32.jpg\" alt=\"\" class=\"wp-image-3712\" srcset=\"https:\/\/ens9006-infd.mendoza.edu.ar\/sitio\/wp-content\/uploads\/2024\/11\/Jornadas-de-practiica-2024_32.jpg 900w, https:\/\/ens9006-infd.mendoza.edu.ar\/sitio\/wp-content\/uploads\/2024\/11\/Jornadas-de-practiica-2024_32-768x576.jpg 768w\" sizes=\"(max-width: 900px) 100vw, 900px\" \/><\/a><\/figure>\n\n\n\n<figure class=\"wp-block-image size-large is-style-default\"><a href=\"https:\/\/ens9006-infd.mendoza.edu.ar\/sitio\/wp-content\/uploads\/2024\/11\/Jornadas-de-practiica-2024_33.jpg\"><img decoding=\"async\" loading=\"lazy\" width=\"900\" height=\"675\" data-id=\"3713\"  src=\"https:\/\/ens9006-infd.mendoza.edu.ar\/sitio\/wp-content\/uploads\/2024\/11\/Jornadas-de-practiica-2024_33.jpg\" alt=\"\" class=\"wp-image-3713\" srcset=\"https:\/\/ens9006-infd.mendoza.edu.ar\/sitio\/wp-content\/uploads\/2024\/11\/Jornadas-de-practiica-2024_33.jpg 900w, https:\/\/ens9006-infd.mendoza.edu.ar\/sitio\/wp-content\/uploads\/2024\/11\/Jornadas-de-practiica-2024_33-768x576.jpg 768w\" sizes=\"(max-width: 900px) 100vw, 900px\" \/><\/a><\/figure>\n\n\n\n<figure class=\"wp-block-image size-large is-style-default\"><a href=\"https:\/\/ens9006-infd.mendoza.edu.ar\/sitio\/wp-content\/uploads\/2024\/11\/Jornadas-de-practiica-2024_34.jpg\"><img decoding=\"async\" loading=\"lazy\" width=\"900\" height=\"675\" data-id=\"3714\"  src=\"https:\/\/ens9006-infd.mendoza.edu.ar\/sitio\/wp-content\/uploads\/2024\/11\/Jornadas-de-practiica-2024_34.jpg\" alt=\"\" class=\"wp-image-3714\" srcset=\"https:\/\/ens9006-infd.mendoza.edu.ar\/sitio\/wp-content\/uploads\/2024\/11\/Jornadas-de-practiica-2024_34.jpg 900w, https:\/\/ens9006-infd.mendoza.edu.ar\/sitio\/wp-content\/uploads\/2024\/11\/Jornadas-de-practiica-2024_34-768x576.jpg 768w\" sizes=\"(max-width: 900px) 100vw, 900px\" \/><\/a><\/figure>\n\n\n\n<figure class=\"wp-block-image size-large is-style-default\"><a href=\"https:\/\/ens9006-infd.mendoza.edu.ar\/sitio\/wp-content\/uploads\/2024\/11\/Jornadas-de-practiica-2024_35.jpg\"><img decoding=\"async\" loading=\"lazy\" width=\"900\" height=\"675\" data-id=\"3715\"  src=\"https:\/\/ens9006-infd.mendoza.edu.ar\/sitio\/wp-content\/uploads\/2024\/11\/Jornadas-de-practiica-2024_35.jpg\" alt=\"\" class=\"wp-image-3715\" srcset=\"https:\/\/ens9006-infd.mendoza.edu.ar\/sitio\/wp-content\/uploads\/2024\/11\/Jornadas-de-practiica-2024_35.jpg 900w, https:\/\/ens9006-infd.mendoza.edu.ar\/sitio\/wp-content\/uploads\/2024\/11\/Jornadas-de-practiica-2024_35-768x576.jpg 768w\" sizes=\"(max-width: 900px) 100vw, 900px\" \/><\/a><\/figure>\n\n\n\n<figure class=\"wp-block-image size-large is-style-default\"><a href=\"https:\/\/ens9006-infd.mendoza.edu.ar\/sitio\/wp-content\/uploads\/2024\/11\/Jornadas-de-practiica-2024_36.jpg\"><img decoding=\"async\" loading=\"lazy\" width=\"900\" height=\"506\" data-id=\"3717\"  src=\"https:\/\/ens9006-infd.mendoza.edu.ar\/sitio\/wp-content\/uploads\/2024\/11\/Jornadas-de-practiica-2024_36.jpg\" alt=\"\" class=\"wp-image-3717\" srcset=\"https:\/\/ens9006-infd.mendoza.edu.ar\/sitio\/wp-content\/uploads\/2024\/11\/Jornadas-de-practiica-2024_36.jpg 900w, https:\/\/ens9006-infd.mendoza.edu.ar\/sitio\/wp-content\/uploads\/2024\/11\/Jornadas-de-practiica-2024_36-768x432.jpg 768w\" sizes=\"(max-width: 900px) 100vw, 900px\" \/><\/a><\/figure>\n\n\n\n<figure class=\"wp-block-image size-large is-style-default\"><a href=\"https:\/\/ens9006-infd.mendoza.edu.ar\/sitio\/wp-content\/uploads\/2024\/11\/Jornadas-de-practiica-2024_37.jpg\"><img decoding=\"async\" loading=\"lazy\" width=\"900\" height=\"506\" data-id=\"3716\"  src=\"https:\/\/ens9006-infd.mendoza.edu.ar\/sitio\/wp-content\/uploads\/2024\/11\/Jornadas-de-practiica-2024_37.jpg\" alt=\"\" class=\"wp-image-3716\" srcset=\"https:\/\/ens9006-infd.mendoza.edu.ar\/sitio\/wp-content\/uploads\/2024\/11\/Jornadas-de-practiica-2024_37.jpg 900w, https:\/\/ens9006-infd.mendoza.edu.ar\/sitio\/wp-content\/uploads\/2024\/11\/Jornadas-de-practiica-2024_37-768x432.jpg 768w\" sizes=\"(max-width: 900px) 100vw, 900px\" \/><\/a><\/figure>\n\n\n\n<figure class=\"wp-block-image size-large is-style-default\"><a href=\"https:\/\/ens9006-infd.mendoza.edu.ar\/sitio\/wp-content\/uploads\/2024\/11\/Jornadas-de-practiica-2024_38.jpg\"><img decoding=\"async\" loading=\"lazy\" width=\"900\" height=\"506\" data-id=\"3718\"  src=\"https:\/\/ens9006-infd.mendoza.edu.ar\/sitio\/wp-content\/uploads\/2024\/11\/Jornadas-de-practiica-2024_38.jpg\" alt=\"\" class=\"wp-image-3718\" srcset=\"https:\/\/ens9006-infd.mendoza.edu.ar\/sitio\/wp-content\/uploads\/2024\/11\/Jornadas-de-practiica-2024_38.jpg 900w, https:\/\/ens9006-infd.mendoza.edu.ar\/sitio\/wp-content\/uploads\/2024\/11\/Jornadas-de-practiica-2024_38-768x432.jpg 768w\" sizes=\"(max-width: 900px) 100vw, 900px\" \/><\/a><\/figure>\n\n\n\n<figure class=\"wp-block-image size-large is-style-default\"><a href=\"https:\/\/ens9006-infd.mendoza.edu.ar\/sitio\/wp-content\/uploads\/2024\/11\/Jornadas-de-practiica-2024_39.jpg\"><img decoding=\"async\" loading=\"lazy\" width=\"900\" height=\"506\" data-id=\"3721\"  src=\"https:\/\/ens9006-infd.mendoza.edu.ar\/sitio\/wp-content\/uploads\/2024\/11\/Jornadas-de-practiica-2024_39.jpg\" alt=\"\" class=\"wp-image-3721\" srcset=\"https:\/\/ens9006-infd.mendoza.edu.ar\/sitio\/wp-content\/uploads\/2024\/11\/Jornadas-de-practiica-2024_39.jpg 900w, https:\/\/ens9006-infd.mendoza.edu.ar\/sitio\/wp-content\/uploads\/2024\/11\/Jornadas-de-practiica-2024_39-768x432.jpg 768w\" sizes=\"(max-width: 900px) 100vw, 900px\" \/><\/a><\/figure>\n\n\n\n<figure class=\"wp-block-image size-large is-style-default\"><a href=\"https:\/\/ens9006-infd.mendoza.edu.ar\/sitio\/wp-content\/uploads\/2024\/11\/Jornadas-de-practiica-2024_40.jpg\"><img decoding=\"async\" loading=\"lazy\" width=\"900\" height=\"506\" data-id=\"3719\"  src=\"https:\/\/ens9006-infd.mendoza.edu.ar\/sitio\/wp-content\/uploads\/2024\/11\/Jornadas-de-practiica-2024_40.jpg\" alt=\"\" class=\"wp-image-3719\" srcset=\"https:\/\/ens9006-infd.mendoza.edu.ar\/sitio\/wp-content\/uploads\/2024\/11\/Jornadas-de-practiica-2024_40.jpg 900w, https:\/\/ens9006-infd.mendoza.edu.ar\/sitio\/wp-content\/uploads\/2024\/11\/Jornadas-de-practiica-2024_40-768x432.jpg 768w\" sizes=\"(max-width: 900px) 100vw, 900px\" \/><\/a><\/figure>\n\n\n\n<figure class=\"wp-block-image size-large is-style-default\"><a href=\"https:\/\/ens9006-infd.mendoza.edu.ar\/sitio\/wp-content\/uploads\/2024\/11\/Jornadas-de-practiica-2024_41.jpg\"><img decoding=\"async\" loading=\"lazy\" width=\"900\" height=\"506\" data-id=\"3720\"  src=\"https:\/\/ens9006-infd.mendoza.edu.ar\/sitio\/wp-content\/uploads\/2024\/11\/Jornadas-de-practiica-2024_41.jpg\" alt=\"\" class=\"wp-image-3720\" srcset=\"https:\/\/ens9006-infd.mendoza.edu.ar\/sitio\/wp-content\/uploads\/2024\/11\/Jornadas-de-practiica-2024_41.jpg 900w, https:\/\/ens9006-infd.mendoza.edu.ar\/sitio\/wp-content\/uploads\/2024\/11\/Jornadas-de-practiica-2024_41-768x432.jpg 768w\" sizes=\"(max-width: 900px) 100vw, 900px\" \/><\/a><\/figure>\n\n\n\n<figure class=\"wp-block-image size-large is-style-default\"><a href=\"https:\/\/ens9006-infd.mendoza.edu.ar\/sitio\/wp-content\/uploads\/2024\/11\/Jornadas-de-practiica-2024_42.jpg\"><img decoding=\"async\" loading=\"lazy\" width=\"900\" height=\"506\" data-id=\"3722\"  src=\"https:\/\/ens9006-infd.mendoza.edu.ar\/sitio\/wp-content\/uploads\/2024\/11\/Jornadas-de-practiica-2024_42.jpg\" alt=\"\" class=\"wp-image-3722\" srcset=\"https:\/\/ens9006-infd.mendoza.edu.ar\/sitio\/wp-content\/uploads\/2024\/11\/Jornadas-de-practiica-2024_42.jpg 900w, https:\/\/ens9006-infd.mendoza.edu.ar\/sitio\/wp-content\/uploads\/2024\/11\/Jornadas-de-practiica-2024_42-768x432.jpg 768w\" sizes=\"(max-width: 900px) 100vw, 900px\" \/><\/a><\/figure>\n\n\n\n<figure class=\"wp-block-image size-large is-style-default\"><a href=\"https:\/\/ens9006-infd.mendoza.edu.ar\/sitio\/wp-content\/uploads\/2024\/11\/Jornadas-de-practiica-2024_43.jpg\"><img decoding=\"async\" loading=\"lazy\" width=\"900\" height=\"506\" data-id=\"3723\"  src=\"https:\/\/ens9006-infd.mendoza.edu.ar\/sitio\/wp-content\/uploads\/2024\/11\/Jornadas-de-practiica-2024_43.jpg\" alt=\"\" class=\"wp-image-3723\" srcset=\"https:\/\/ens9006-infd.mendoza.edu.ar\/sitio\/wp-content\/uploads\/2024\/11\/Jornadas-de-practiica-2024_43.jpg 900w, https:\/\/ens9006-infd.mendoza.edu.ar\/sitio\/wp-content\/uploads\/2024\/11\/Jornadas-de-practiica-2024_43-768x432.jpg 768w\" sizes=\"(max-width: 900px) 100vw, 900px\" \/><\/a><\/figure>\n\n\n\n<figure class=\"wp-block-image size-large is-style-default\"><a href=\"https:\/\/ens9006-infd.mendoza.edu.ar\/sitio\/wp-content\/uploads\/2024\/11\/Jornadas-de-practiica-2024_44.jpg\"><img decoding=\"async\" loading=\"lazy\" width=\"900\" height=\"506\" data-id=\"3727\"  src=\"https:\/\/ens9006-infd.mendoza.edu.ar\/sitio\/wp-content\/uploads\/2024\/11\/Jornadas-de-practiica-2024_44.jpg\" alt=\"\" class=\"wp-image-3727\" srcset=\"https:\/\/ens9006-infd.mendoza.edu.ar\/sitio\/wp-content\/uploads\/2024\/11\/Jornadas-de-practiica-2024_44.jpg 900w, https:\/\/ens9006-infd.mendoza.edu.ar\/sitio\/wp-content\/uploads\/2024\/11\/Jornadas-de-practiica-2024_44-768x432.jpg 768w\" sizes=\"(max-width: 900px) 100vw, 900px\" \/><\/a><\/figure>\n\n\n\n<figure class=\"wp-block-image size-large is-style-default\"><a href=\"https:\/\/ens9006-infd.mendoza.edu.ar\/sitio\/wp-content\/uploads\/2024\/11\/Jornadas-de-practiica-2024_45.jpg\"><img decoding=\"async\" loading=\"lazy\" width=\"900\" height=\"506\" data-id=\"3724\"  src=\"https:\/\/ens9006-infd.mendoza.edu.ar\/sitio\/wp-content\/uploads\/2024\/11\/Jornadas-de-practiica-2024_45.jpg\" alt=\"\" class=\"wp-image-3724\" srcset=\"https:\/\/ens9006-infd.mendoza.edu.ar\/sitio\/wp-content\/uploads\/2024\/11\/Jornadas-de-practiica-2024_45.jpg 900w, https:\/\/ens9006-infd.mendoza.edu.ar\/sitio\/wp-content\/uploads\/2024\/11\/Jornadas-de-practiica-2024_45-768x432.jpg 768w\" sizes=\"(max-width: 900px) 100vw, 900px\" \/><\/a><\/figure>\n\n\n\n<figure class=\"wp-block-image size-large is-style-default\"><a href=\"https:\/\/ens9006-infd.mendoza.edu.ar\/sitio\/wp-content\/uploads\/2024\/11\/Jornadas-de-practiica-2024_46.jpg\"><img decoding=\"async\" loading=\"lazy\" width=\"900\" height=\"506\" data-id=\"3725\"  src=\"https:\/\/ens9006-infd.mendoza.edu.ar\/sitio\/wp-content\/uploads\/2024\/11\/Jornadas-de-practiica-2024_46.jpg\" alt=\"\" class=\"wp-image-3725\" srcset=\"https:\/\/ens9006-infd.mendoza.edu.ar\/sitio\/wp-content\/uploads\/2024\/11\/Jornadas-de-practiica-2024_46.jpg 900w, https:\/\/ens9006-infd.mendoza.edu.ar\/sitio\/wp-content\/uploads\/2024\/11\/Jornadas-de-practiica-2024_46-768x432.jpg 768w\" sizes=\"(max-width: 900px) 100vw, 900px\" \/><\/a><\/figure>\n\n\n\n<figure class=\"wp-block-image size-large is-style-default\"><a href=\"https:\/\/ens9006-infd.mendoza.edu.ar\/sitio\/wp-content\/uploads\/2024\/11\/Jornadas-de-practiica-2024_48.jpg\"><img decoding=\"async\" loading=\"lazy\" width=\"900\" height=\"506\" data-id=\"3729\"  src=\"https:\/\/ens9006-infd.mendoza.edu.ar\/sitio\/wp-content\/uploads\/2024\/11\/Jornadas-de-practiica-2024_48.jpg\" alt=\"\" class=\"wp-image-3729\" srcset=\"https:\/\/ens9006-infd.mendoza.edu.ar\/sitio\/wp-content\/uploads\/2024\/11\/Jornadas-de-practiica-2024_48.jpg 900w, https:\/\/ens9006-infd.mendoza.edu.ar\/sitio\/wp-content\/uploads\/2024\/11\/Jornadas-de-practiica-2024_48-768x432.jpg 768w\" sizes=\"(max-width: 900px) 100vw, 900px\" \/><\/a><\/figure>\n\n\n\n<figure class=\"wp-block-image size-large is-style-default\"><a href=\"https:\/\/ens9006-infd.mendoza.edu.ar\/sitio\/wp-content\/uploads\/2024\/11\/Jornadas-de-practiica-2024_49.jpg\"><img decoding=\"async\" loading=\"lazy\" width=\"900\" height=\"506\" data-id=\"3728\"  src=\"https:\/\/ens9006-infd.mendoza.edu.ar\/sitio\/wp-content\/uploads\/2024\/11\/Jornadas-de-practiica-2024_49.jpg\" alt=\"\" class=\"wp-image-3728\" srcset=\"https:\/\/ens9006-infd.mendoza.edu.ar\/sitio\/wp-content\/uploads\/2024\/11\/Jornadas-de-practiica-2024_49.jpg 900w, https:\/\/ens9006-infd.mendoza.edu.ar\/sitio\/wp-content\/uploads\/2024\/11\/Jornadas-de-practiica-2024_49-768x432.jpg 768w\" sizes=\"(max-width: 900px) 100vw, 900px\" \/><\/a><\/figure>\n\n\n\n<figure class=\"wp-block-image size-large is-style-default\"><a href=\"https:\/\/ens9006-infd.mendoza.edu.ar\/sitio\/wp-content\/uploads\/2024\/11\/Jornadas-de-practiica-2024_50.jpg\"><img decoding=\"async\" loading=\"lazy\" width=\"900\" height=\"506\" data-id=\"3730\"  src=\"https:\/\/ens9006-infd.mendoza.edu.ar\/sitio\/wp-content\/uploads\/2024\/11\/Jornadas-de-practiica-2024_50.jpg\" alt=\"\" class=\"wp-image-3730\" srcset=\"https:\/\/ens9006-infd.mendoza.edu.ar\/sitio\/wp-content\/uploads\/2024\/11\/Jornadas-de-practiica-2024_50.jpg 900w, https:\/\/ens9006-infd.mendoza.edu.ar\/sitio\/wp-content\/uploads\/2024\/11\/Jornadas-de-practiica-2024_50-768x432.jpg 768w\" sizes=\"(max-width: 900px) 100vw, 900px\" \/><\/a><\/figure>\n\n\n\n<figure class=\"wp-block-image size-large is-style-default\"><a href=\"https:\/\/ens9006-infd.mendoza.edu.ar\/sitio\/wp-content\/uploads\/2024\/11\/Jornadas-de-practiica-2024_51.jpg\"><img decoding=\"async\" loading=\"lazy\" width=\"900\" height=\"506\" data-id=\"3733\"  src=\"https:\/\/ens9006-infd.mendoza.edu.ar\/sitio\/wp-content\/uploads\/2024\/11\/Jornadas-de-practiica-2024_51.jpg\" alt=\"\" class=\"wp-image-3733\" srcset=\"https:\/\/ens9006-infd.mendoza.edu.ar\/sitio\/wp-content\/uploads\/2024\/11\/Jornadas-de-practiica-2024_51.jpg 900w, https:\/\/ens9006-infd.mendoza.edu.ar\/sitio\/wp-content\/uploads\/2024\/11\/Jornadas-de-practiica-2024_51-768x432.jpg 768w\" sizes=\"(max-width: 900px) 100vw, 900px\" \/><\/a><\/figure>\n\n\n\n<figure class=\"wp-block-image size-large is-style-default\"><a href=\"https:\/\/ens9006-infd.mendoza.edu.ar\/sitio\/wp-content\/uploads\/2024\/11\/Jornadas-de-practiica-2024_55.jpg\"><img decoding=\"async\" loading=\"lazy\" width=\"900\" height=\"506\" data-id=\"3735\"  src=\"https:\/\/ens9006-infd.mendoza.edu.ar\/sitio\/wp-content\/uploads\/2024\/11\/Jornadas-de-practiica-2024_55.jpg\" alt=\"\" class=\"wp-image-3735\" srcset=\"https:\/\/ens9006-infd.mendoza.edu.ar\/sitio\/wp-content\/uploads\/2024\/11\/Jornadas-de-practiica-2024_55.jpg 900w, https:\/\/ens9006-infd.mendoza.edu.ar\/sitio\/wp-content\/uploads\/2024\/11\/Jornadas-de-practiica-2024_55-768x432.jpg 768w\" sizes=\"(max-width: 900px) 100vw, 900px\" \/><\/a><\/figure>\n\n\n\n<figure class=\"wp-block-image size-large is-style-default\"><a href=\"https:\/\/ens9006-infd.mendoza.edu.ar\/sitio\/wp-content\/uploads\/2024\/11\/Jornadas-de-practiica-2024_52.jpg\"><img decoding=\"async\" loading=\"lazy\" width=\"900\" height=\"506\" data-id=\"3731\"  src=\"https:\/\/ens9006-infd.mendoza.edu.ar\/sitio\/wp-content\/uploads\/2024\/11\/Jornadas-de-practiica-2024_52.jpg\" alt=\"\" class=\"wp-image-3731\" srcset=\"https:\/\/ens9006-infd.mendoza.edu.ar\/sitio\/wp-content\/uploads\/2024\/11\/Jornadas-de-practiica-2024_52.jpg 900w, https:\/\/ens9006-infd.mendoza.edu.ar\/sitio\/wp-content\/uploads\/2024\/11\/Jornadas-de-practiica-2024_52-768x432.jpg 768w\" sizes=\"(max-width: 900px) 100vw, 900px\" \/><\/a><\/figure>\n\n\n\n<figure class=\"wp-block-image size-large is-style-default\"><a href=\"https:\/\/ens9006-infd.mendoza.edu.ar\/sitio\/wp-content\/uploads\/2024\/11\/Jornadas-de-practiica-2024_53.jpg\"><img decoding=\"async\" loading=\"lazy\" width=\"900\" height=\"675\" data-id=\"3732\"  src=\"https:\/\/ens9006-infd.mendoza.edu.ar\/sitio\/wp-content\/uploads\/2024\/11\/Jornadas-de-practiica-2024_53.jpg\" alt=\"\" class=\"wp-image-3732\" srcset=\"https:\/\/ens9006-infd.mendoza.edu.ar\/sitio\/wp-content\/uploads\/2024\/11\/Jornadas-de-practiica-2024_53.jpg 900w, https:\/\/ens9006-infd.mendoza.edu.ar\/sitio\/wp-content\/uploads\/2024\/11\/Jornadas-de-practiica-2024_53-768x576.jpg 768w\" sizes=\"(max-width: 900px) 100vw, 900px\" \/><\/a><\/figure>\n\n\n\n<figure class=\"wp-block-image size-large is-style-default\"><a href=\"https:\/\/ens9006-infd.mendoza.edu.ar\/sitio\/wp-content\/uploads\/2024\/11\/Jornadas-de-practiica-2024_54.jpg\"><img decoding=\"async\" loading=\"lazy\" width=\"900\" height=\"506\" data-id=\"3734\"  src=\"https:\/\/ens9006-infd.mendoza.edu.ar\/sitio\/wp-content\/uploads\/2024\/11\/Jornadas-de-practiica-2024_54.jpg\" alt=\"\" class=\"wp-image-3734\" srcset=\"https:\/\/ens9006-infd.mendoza.edu.ar\/sitio\/wp-content\/uploads\/2024\/11\/Jornadas-de-practiica-2024_54.jpg 900w, https:\/\/ens9006-infd.mendoza.edu.ar\/sitio\/wp-content\/uploads\/2024\/11\/Jornadas-de-practiica-2024_54-768x432.jpg 768w\" sizes=\"(max-width: 900px) 100vw, 900px\" \/><\/a><\/figure>\n<\/figure>\n\n\n\n<figure class=\"wp-block-gallery has-nested-images columns-4 is-cropped wp-block-gallery-3 is-layout-flex\">\n<figure class=\"wp-block-image size-large is-style-default\"><img decoding=\"async\" loading=\"lazy\" width=\"600\" height=\"798\" data-id=\"3737\"  src=\"https:\/\/ens9006-infd.mendoza.edu.ar\/sitio\/wp-content\/uploads\/2024\/11\/Jornadas-de-practiica-2024-V-.jpg\" alt=\"\" class=\"wp-image-3737\"\/><\/figure>\n\n\n\n<figure class=\"wp-block-image size-large is-style-default\"><img decoding=\"async\" loading=\"lazy\" width=\"600\" height=\"798\" data-id=\"3741\"  src=\"https:\/\/ens9006-infd.mendoza.edu.ar\/sitio\/wp-content\/uploads\/2024\/11\/Jornadas-de-practiica-2024-V-_1.jpg\" alt=\"\" class=\"wp-image-3741\"\/><\/figure>\n\n\n\n<figure class=\"wp-block-image size-large is-style-default\"><img decoding=\"async\" loading=\"lazy\" width=\"600\" height=\"1067\" data-id=\"3738\"  src=\"https:\/\/ens9006-infd.mendoza.edu.ar\/sitio\/wp-content\/uploads\/2024\/11\/Jornadas-de-practiica-2024-V-_2.jpg\" alt=\"\" class=\"wp-image-3738\" srcset=\"https:\/\/ens9006-infd.mendoza.edu.ar\/sitio\/wp-content\/uploads\/2024\/11\/Jornadas-de-practiica-2024-V-_2.jpg 600w, https:\/\/ens9006-infd.mendoza.edu.ar\/sitio\/wp-content\/uploads\/2024\/11\/Jornadas-de-practiica-2024-V-_2-562x1000.jpg 562w\" sizes=\"(max-width: 600px) 100vw, 600px\" \/><\/figure>\n\n\n\n<figure class=\"wp-block-image size-large is-style-default\"><img decoding=\"async\" loading=\"lazy\" width=\"600\" height=\"800\" data-id=\"3740\"  src=\"https:\/\/ens9006-infd.mendoza.edu.ar\/sitio\/wp-content\/uploads\/2024\/11\/Jornadas-de-practiica-2024-V-_3.jpg\" alt=\"\" class=\"wp-image-3740\"\/><\/figure>\n\n\n\n<figure class=\"wp-block-image size-large is-style-default\"><img decoding=\"async\" loading=\"lazy\" width=\"600\" height=\"800\" data-id=\"3742\"  src=\"https:\/\/ens9006-infd.mendoza.edu.ar\/sitio\/wp-content\/uploads\/2024\/11\/Jornadas-de-practiica-2024-V-_4.jpg\" alt=\"\" class=\"wp-image-3742\"\/><\/figure>\n\n\n\n<figure class=\"wp-block-image size-large is-style-default\"><img decoding=\"async\" loading=\"lazy\" width=\"600\" height=\"800\" data-id=\"3743\"  src=\"https:\/\/ens9006-infd.mendoza.edu.ar\/sitio\/wp-content\/uploads\/2024\/11\/Jornadas-de-practiica-2024-V-_6.jpg\" alt=\"\" class=\"wp-image-3743\"\/><\/figure>\n\n\n\n<figure class=\"wp-block-image size-large is-style-default\"><img decoding=\"async\" loading=\"lazy\" width=\"600\" height=\"800\" data-id=\"3745\"  src=\"https:\/\/ens9006-infd.mendoza.edu.ar\/sitio\/wp-content\/uploads\/2024\/11\/Jornadas-de-practiica-2024-V-_7.jpg\" alt=\"\" class=\"wp-image-3745\"\/><\/figure>\n\n\n\n<figure class=\"wp-block-image size-large is-style-default\"><img decoding=\"async\" loading=\"lazy\" width=\"600\" height=\"800\" data-id=\"3744\"  src=\"https:\/\/ens9006-infd.mendoza.edu.ar\/sitio\/wp-content\/uploads\/2024\/11\/Jornadas-de-practiica-2024-V-_8.jpg\" alt=\"\" class=\"wp-image-3744\"\/><\/figure>\n\n\n\n<figure class=\"wp-block-image size-large is-style-default\"><img decoding=\"async\" loading=\"lazy\" width=\"600\" height=\"800\" data-id=\"3747\"  src=\"https:\/\/ens9006-infd.mendoza.edu.ar\/sitio\/wp-content\/uploads\/2024\/11\/Jornadas-de-practiica-2024-V-_9.jpg\" alt=\"\" class=\"wp-image-3747\"\/><\/figure>\n\n\n\n<figure class=\"wp-block-image size-large is-style-default\"><img decoding=\"async\" loading=\"lazy\" width=\"600\" height=\"800\" data-id=\"3748\"  src=\"https:\/\/ens9006-infd.mendoza.edu.ar\/sitio\/wp-content\/uploads\/2024\/11\/Jornadas-de-practiica-2024-V-_10.jpg\" alt=\"\" class=\"wp-image-3748\"\/><\/figure>\n\n\n\n<figure class=\"wp-block-image size-large is-style-default\"><img decoding=\"async\" loading=\"lazy\" width=\"600\" height=\"800\" data-id=\"3746\"  src=\"https:\/\/ens9006-infd.mendoza.edu.ar\/sitio\/wp-content\/uploads\/2024\/11\/Jornadas-de-practiica-2024-V-_11.jpg\" alt=\"\" class=\"wp-image-3746\"\/><\/figure>\n\n\n\n<figure class=\"wp-block-image size-large is-style-default\"><img decoding=\"async\" loading=\"lazy\" width=\"600\" height=\"800\" data-id=\"3749\"  src=\"https:\/\/ens9006-infd.mendoza.edu.ar\/sitio\/wp-content\/uploads\/2024\/11\/Jornadas-de-practiica-2024-V-_12.jpg\" alt=\"\" class=\"wp-image-3749\"\/><\/figure>\n\n\n\n<figure class=\"wp-block-image size-large is-style-default\"><img decoding=\"async\" loading=\"lazy\" width=\"600\" height=\"800\" data-id=\"3750\"  src=\"https:\/\/ens9006-infd.mendoza.edu.ar\/sitio\/wp-content\/uploads\/2024\/11\/Jornadas-de-practiica-2024-V-_13.jpg\" alt=\"\" class=\"wp-image-3750\"\/><\/figure>\n\n\n\n<figure class=\"wp-block-image size-large is-style-default\"><img decoding=\"async\" loading=\"lazy\" width=\"600\" height=\"800\" data-id=\"3752\"  src=\"https:\/\/ens9006-infd.mendoza.edu.ar\/sitio\/wp-content\/uploads\/2024\/11\/Jornadas-de-practiica-2024-V-_14.jpg\" alt=\"\" class=\"wp-image-3752\"\/><\/figure>\n\n\n\n<figure class=\"wp-block-image size-large is-style-default\"><img decoding=\"async\" loading=\"lazy\" width=\"600\" height=\"800\" data-id=\"3753\"  src=\"https:\/\/ens9006-infd.mendoza.edu.ar\/sitio\/wp-content\/uploads\/2024\/11\/Jornadas-de-practiica-2024-V-_15.jpg\" alt=\"\" class=\"wp-image-3753\"\/><\/figure>\n\n\n\n<figure class=\"wp-block-image size-large is-style-default\"><img decoding=\"async\" loading=\"lazy\" width=\"600\" height=\"800\" data-id=\"3751\"  src=\"https:\/\/ens9006-infd.mendoza.edu.ar\/sitio\/wp-content\/uploads\/2024\/11\/Jornadas-de-practiica-2024-V-_16.jpg\" alt=\"\" class=\"wp-image-3751\"\/><\/figure>\n\n\n\n<figure class=\"wp-block-image size-large is-style-default\"><img decoding=\"async\" loading=\"lazy\" width=\"600\" height=\"800\" data-id=\"3755\"  src=\"https:\/\/ens9006-infd.mendoza.edu.ar\/sitio\/wp-content\/uploads\/2024\/11\/Jornadas-de-practiica-2024-V-_17.jpg\" alt=\"\" class=\"wp-image-3755\"\/><\/figure>\n\n\n\n<figure class=\"wp-block-image size-large is-style-default\"><img decoding=\"async\" loading=\"lazy\" width=\"600\" height=\"1065\" data-id=\"3758\"  src=\"https:\/\/ens9006-infd.mendoza.edu.ar\/sitio\/wp-content\/uploads\/2024\/11\/Jornadas-de-practiica-2024-V-_18.jpg\" alt=\"\" class=\"wp-image-3758\" srcset=\"https:\/\/ens9006-infd.mendoza.edu.ar\/sitio\/wp-content\/uploads\/2024\/11\/Jornadas-de-practiica-2024-V-_18.jpg 600w, https:\/\/ens9006-infd.mendoza.edu.ar\/sitio\/wp-content\/uploads\/2024\/11\/Jornadas-de-practiica-2024-V-_18-563x1000.jpg 563w\" sizes=\"(max-width: 600px) 100vw, 600px\" \/><\/figure>\n\n\n\n<figure class=\"wp-block-image size-large is-style-default\"><img decoding=\"async\" loading=\"lazy\" width=\"600\" height=\"800\" data-id=\"3754\"  src=\"https:\/\/ens9006-infd.mendoza.edu.ar\/sitio\/wp-content\/uploads\/2024\/11\/Jornadas-de-practiica-2024-V-_19.jpg\" alt=\"\" class=\"wp-image-3754\"\/><\/figure>\n\n\n\n<figure class=\"wp-block-image size-large is-style-default\"><img decoding=\"async\" loading=\"lazy\" width=\"600\" height=\"800\" data-id=\"3756\"  src=\"https:\/\/ens9006-infd.mendoza.edu.ar\/sitio\/wp-content\/uploads\/2024\/11\/Jornadas-de-practiica-2024-V-_20.jpg\" alt=\"\" class=\"wp-image-3756\"\/><\/figure>\n\n\n\n<figure class=\"wp-block-image size-large is-style-default\"><img decoding=\"async\" loading=\"lazy\" width=\"600\" height=\"800\" data-id=\"3760\"  src=\"https:\/\/ens9006-infd.mendoza.edu.ar\/sitio\/wp-content\/uploads\/2024\/11\/Jornadas-de-practiica-2024-V-_22.jpg\" alt=\"\" class=\"wp-image-3760\"\/><\/figure>\n\n\n\n<figure class=\"wp-block-image size-large is-style-default\"><img decoding=\"async\" loading=\"lazy\" width=\"600\" height=\"1067\" data-id=\"3759\"  src=\"https:\/\/ens9006-infd.mendoza.edu.ar\/sitio\/wp-content\/uploads\/2024\/11\/Jornadas-de-practiica-2024-V-_23.jpg\" alt=\"\" class=\"wp-image-3759\" srcset=\"https:\/\/ens9006-infd.mendoza.edu.ar\/sitio\/wp-content\/uploads\/2024\/11\/Jornadas-de-practiica-2024-V-_23.jpg 600w, https:\/\/ens9006-infd.mendoza.edu.ar\/sitio\/wp-content\/uploads\/2024\/11\/Jornadas-de-practiica-2024-V-_23-562x1000.jpg 562w\" sizes=\"(max-width: 600px) 100vw, 600px\" \/><\/figure>\n\n\n\n<figure class=\"wp-block-image size-large is-style-default\"><img decoding=\"async\" loading=\"lazy\" width=\"600\" height=\"1067\" data-id=\"3761\"  src=\"https:\/\/ens9006-infd.mendoza.edu.ar\/sitio\/wp-content\/uploads\/2024\/11\/Jornadas-de-practiica-2024-V-_24.jpg\" alt=\"\" class=\"wp-image-3761\" srcset=\"https:\/\/ens9006-infd.mendoza.edu.ar\/sitio\/wp-content\/uploads\/2024\/11\/Jornadas-de-practiica-2024-V-_24.jpg 600w, https:\/\/ens9006-infd.mendoza.edu.ar\/sitio\/wp-content\/uploads\/2024\/11\/Jornadas-de-practiica-2024-V-_24-562x1000.jpg 562w\" sizes=\"(max-width: 600px) 100vw, 600px\" \/><\/figure>\n\n\n\n<figure class=\"wp-block-image size-large is-style-default\"><img decoding=\"async\" loading=\"lazy\" width=\"600\" height=\"800\" data-id=\"3763\"  src=\"https:\/\/ens9006-infd.mendoza.edu.ar\/sitio\/wp-content\/uploads\/2024\/11\/Jornadas-de-practiica-2024-V-_27.jpg\" alt=\"\" class=\"wp-image-3763\"\/><\/figure>\n<\/figure>\n\n\n\n<h4 class=\"wp-block-heading\">&#x1f331; Grupos de reflexi\u00f3n e intercambio: \u00abTrabajo de reflexi\u00f3n y escritura con estudiantes de PPD I y II\u00bb<\/h4>\n\n\n\n<p><em>En las pr\u00e1cticas des- aprendemos miradas.<\/em><br>Construir juntos \u00abmiradas de ra\u00edz\u00bb da lugar a analizar lo visible desde lo invisible, a interpretar lo observable desde lo profundo, asumiendo la certeza que todo tiene ra\u00edz: las personas, las instituciones, las costumbres, las creencias, los modelos, los v\u00ednculos, las pr\u00e1cticas; y que esa ra\u00edz origina, sostiene, alimenta y da vida a lo que observamos.<\/p>\n\n\n\n<p>Si deseamos cambiar las pr\u00e1cticas, las aulas, las escuelas necesitamos antes ser valientes y construir miradas de ra\u00edz que vayan a lo hondo, a lo invisible, a lo profundo, al origen.<\/p>\n\n\n\n<h4 class=\"wp-block-heading\">&#x1f33b;Talleres de intercambio y construcci\u00f3n: \u00ab\u2026Y Vos \u00bfQu\u00e9 RA\u00cdZ queres Ser?\u00bb PPD III y IV<\/h4>\n\n\n\n<p>En los que se busc\u00f3 que estudiantes en forma colectiva puedan viajar a las ra\u00edces de sus propios \u00e1rboles geneal\u00f3gicos escolares, para reflexionar, interrogar las ra\u00edces que los habitan, diferenciar lo propio de lo heredado, sanar evitando repetir aquello que enraizado tiende a naturalizarse como modelos \u00fanicos. Se habit\u00f3 un espacio de reflexi\u00f3n sobre las propias autobiograf\u00edas escolares y las Pr\u00e1cticas, para as\u00ed elegir qu\u00e9 RA\u00cdZ quiero ser como docente.<\/p>\n\n\n\n<h4 class=\"wp-block-heading\">&#x1f33b; Charla a cargo de Docentes Noveles por carrera<\/h4>\n\n\n\n<p>Anhelamos seguir sembrando espacios en los que podamos encontrarnos y participar nutriendo, cuidando y regando mejores ra\u00edces para la formaci\u00f3n docente inicial.<\/p>\n\n\n\n<p><em>Las pr\u00e1cticas como espacio de cuidados de Ra\u00edces que (nos) nutren.<\/em><\/p>\n\n\n\n<p>En nuestra instituci\u00f3n, creemos en la importancia de conectar con nuestras ra\u00edces para transformar las pr\u00e1cticas educativas que nos rodean. Por ello, realizamos una serie de actividades especiales que promueven la reflexi\u00f3n, el intercambio y la construcci\u00f3n conjunta de experiencias significativas.<\/p>\n\n\n\n<figure class=\"wp-block-gallery has-nested-images columns-4 is-cropped wp-block-gallery-5 is-layout-flex\">\n<figure class=\"wp-block-image size-large is-style-default\"><a href=\"https:\/\/ens9006-infd.mendoza.edu.ar\/sitio\/wp-content\/uploads\/2024\/11\/Jornadas-de-practiica-2024_24.jpg\"><img decoding=\"async\" loading=\"lazy\" width=\"900\" height=\"718\" data-id=\"3710\"  src=\"https:\/\/ens9006-infd.mendoza.edu.ar\/sitio\/wp-content\/uploads\/2024\/11\/Jornadas-de-practiica-2024_24.jpg\" alt=\"\" class=\"wp-image-3710\" srcset=\"https:\/\/ens9006-infd.mendoza.edu.ar\/sitio\/wp-content\/uploads\/2024\/11\/Jornadas-de-practiica-2024_24.jpg 900w, https:\/\/ens9006-infd.mendoza.edu.ar\/sitio\/wp-content\/uploads\/2024\/11\/Jornadas-de-practiica-2024_24-768x613.jpg 768w\" sizes=\"(max-width: 900px) 100vw, 900px\" \/><\/a><\/figure>\n\n\n\n<figure class=\"wp-block-image size-large is-style-default\"><a href=\"https:\/\/ens9006-infd.mendoza.edu.ar\/sitio\/wp-content\/uploads\/2024\/11\/Jornadas-de-practiica-2024_22.jpg\"><img decoding=\"async\" loading=\"lazy\" width=\"900\" height=\"675\" data-id=\"3702\"  src=\"https:\/\/ens9006-infd.mendoza.edu.ar\/sitio\/wp-content\/uploads\/2024\/11\/Jornadas-de-practiica-2024_22.jpg\" alt=\"\" class=\"wp-image-3702\" srcset=\"https:\/\/ens9006-infd.mendoza.edu.ar\/sitio\/wp-content\/uploads\/2024\/11\/Jornadas-de-practiica-2024_22.jpg 900w, https:\/\/ens9006-infd.mendoza.edu.ar\/sitio\/wp-content\/uploads\/2024\/11\/Jornadas-de-practiica-2024_22-768x576.jpg 768w\" sizes=\"(max-width: 900px) 100vw, 900px\" \/><\/a><\/figure>\n\n\n\n<figure class=\"wp-block-image size-large is-style-default\"><a href=\"https:\/\/ens9006-infd.mendoza.edu.ar\/sitio\/wp-content\/uploads\/2024\/11\/Jornadas-de-practiica-2024_19.jpg\"><img decoding=\"async\" loading=\"lazy\" width=\"900\" height=\"506\" data-id=\"3701\"  src=\"https:\/\/ens9006-infd.mendoza.edu.ar\/sitio\/wp-content\/uploads\/2024\/11\/Jornadas-de-practiica-2024_19.jpg\" alt=\"\" class=\"wp-image-3701\" srcset=\"https:\/\/ens9006-infd.mendoza.edu.ar\/sitio\/wp-content\/uploads\/2024\/11\/Jornadas-de-practiica-2024_19.jpg 900w, https:\/\/ens9006-infd.mendoza.edu.ar\/sitio\/wp-content\/uploads\/2024\/11\/Jornadas-de-practiica-2024_19-768x432.jpg 768w\" sizes=\"(max-width: 900px) 100vw, 900px\" \/><\/a><\/figure>\n\n\n\n<figure class=\"wp-block-image size-large is-style-default\"><a href=\"https:\/\/ens9006-infd.mendoza.edu.ar\/sitio\/wp-content\/uploads\/2024\/11\/Jornadas-de-practiica-2024_23.jpg\"><img decoding=\"async\" loading=\"lazy\" width=\"900\" height=\"506\" data-id=\"3703\"  src=\"https:\/\/ens9006-infd.mendoza.edu.ar\/sitio\/wp-content\/uploads\/2024\/11\/Jornadas-de-practiica-2024_23.jpg\" alt=\"\" class=\"wp-image-3703\" srcset=\"https:\/\/ens9006-infd.mendoza.edu.ar\/sitio\/wp-content\/uploads\/2024\/11\/Jornadas-de-practiica-2024_23.jpg 900w, https:\/\/ens9006-infd.mendoza.edu.ar\/sitio\/wp-content\/uploads\/2024\/11\/Jornadas-de-practiica-2024_23-768x432.jpg 768w\" sizes=\"(max-width: 900px) 100vw, 900px\" \/><\/a><\/figure>\n\n\n\n<figure class=\"wp-block-image size-large is-style-default\"><a href=\"https:\/\/ens9006-infd.mendoza.edu.ar\/sitio\/wp-content\/uploads\/2024\/11\/Jornadas-de-practiica-2024_17.jpg\"><img decoding=\"async\" loading=\"lazy\" width=\"900\" height=\"900\" data-id=\"3696\"  src=\"https:\/\/ens9006-infd.mendoza.edu.ar\/sitio\/wp-content\/uploads\/2024\/11\/Jornadas-de-practiica-2024_17.jpg\" alt=\"\" class=\"wp-image-3696\" srcset=\"https:\/\/ens9006-infd.mendoza.edu.ar\/sitio\/wp-content\/uploads\/2024\/11\/Jornadas-de-practiica-2024_17.jpg 900w, https:\/\/ens9006-infd.mendoza.edu.ar\/sitio\/wp-content\/uploads\/2024\/11\/Jornadas-de-practiica-2024_17-500x500.jpg 500w, https:\/\/ens9006-infd.mendoza.edu.ar\/sitio\/wp-content\/uploads\/2024\/11\/Jornadas-de-practiica-2024_17-768x768.jpg 768w\" sizes=\"(max-width: 900px) 100vw, 900px\" \/><\/a><\/figure>\n\n\n\n<figure class=\"wp-block-image size-large is-style-default\"><a href=\"https:\/\/ens9006-infd.mendoza.edu.ar\/sitio\/wp-content\/uploads\/2024\/11\/Jornadas-de-practiica-2024_20.jpg\"><img decoding=\"async\" loading=\"lazy\" width=\"900\" height=\"506\" data-id=\"3699\"  src=\"https:\/\/ens9006-infd.mendoza.edu.ar\/sitio\/wp-content\/uploads\/2024\/11\/Jornadas-de-practiica-2024_20.jpg\" alt=\"\" class=\"wp-image-3699\" srcset=\"https:\/\/ens9006-infd.mendoza.edu.ar\/sitio\/wp-content\/uploads\/2024\/11\/Jornadas-de-practiica-2024_20.jpg 900w, https:\/\/ens9006-infd.mendoza.edu.ar\/sitio\/wp-content\/uploads\/2024\/11\/Jornadas-de-practiica-2024_20-768x432.jpg 768w\" sizes=\"(max-width: 900px) 100vw, 900px\" \/><\/a><\/figure>\n\n\n\n<figure class=\"wp-block-image size-large is-style-default\"><a href=\"https:\/\/ens9006-infd.mendoza.edu.ar\/sitio\/wp-content\/uploads\/2024\/11\/Jornadas-de-practiica-2024_18.jpg\"><img decoding=\"async\" loading=\"lazy\" width=\"900\" height=\"675\" data-id=\"3698\"  src=\"https:\/\/ens9006-infd.mendoza.edu.ar\/sitio\/wp-content\/uploads\/2024\/11\/Jornadas-de-practiica-2024_18.jpg\" alt=\"\" class=\"wp-image-3698\" srcset=\"https:\/\/ens9006-infd.mendoza.edu.ar\/sitio\/wp-content\/uploads\/2024\/11\/Jornadas-de-practiica-2024_18.jpg 900w, https:\/\/ens9006-infd.mendoza.edu.ar\/sitio\/wp-content\/uploads\/2024\/11\/Jornadas-de-practiica-2024_18-768x576.jpg 768w\" sizes=\"(max-width: 900px) 100vw, 900px\" \/><\/a><\/figure>\n\n\n\n<figure class=\"wp-block-image size-large is-style-default\"><a href=\"https:\/\/ens9006-infd.mendoza.edu.ar\/sitio\/wp-content\/uploads\/2024\/11\/Jornadas-de-practiica-2024_16.jpg\"><img decoding=\"async\" loading=\"lazy\" width=\"900\" height=\"900\" data-id=\"3700\"  src=\"https:\/\/ens9006-infd.mendoza.edu.ar\/sitio\/wp-content\/uploads\/2024\/11\/Jornadas-de-practiica-2024_16.jpg\" alt=\"\" class=\"wp-image-3700\" srcset=\"https:\/\/ens9006-infd.mendoza.edu.ar\/sitio\/wp-content\/uploads\/2024\/11\/Jornadas-de-practiica-2024_16.jpg 900w, https:\/\/ens9006-infd.mendoza.edu.ar\/sitio\/wp-content\/uploads\/2024\/11\/Jornadas-de-practiica-2024_16-500x500.jpg 500w, https:\/\/ens9006-infd.mendoza.edu.ar\/sitio\/wp-content\/uploads\/2024\/11\/Jornadas-de-practiica-2024_16-768x768.jpg 768w\" sizes=\"(max-width: 900px) 100vw, 900px\" \/><\/a><\/figure>\n\n\n\n<figure class=\"wp-block-image size-large is-style-default\"><a href=\"https:\/\/ens9006-infd.mendoza.edu.ar\/sitio\/wp-content\/uploads\/2024\/11\/Jornadas-de-practiica-2024_21.jpg\"><img decoding=\"async\" loading=\"lazy\" width=\"900\" height=\"562\" data-id=\"3697\"  src=\"https:\/\/ens9006-infd.mendoza.edu.ar\/sitio\/wp-content\/uploads\/2024\/11\/Jornadas-de-practiica-2024_21.jpg\" alt=\"\" class=\"wp-image-3697\" srcset=\"https:\/\/ens9006-infd.mendoza.edu.ar\/sitio\/wp-content\/uploads\/2024\/11\/Jornadas-de-practiica-2024_21.jpg 900w, https:\/\/ens9006-infd.mendoza.edu.ar\/sitio\/wp-content\/uploads\/2024\/11\/Jornadas-de-practiica-2024_21-768x480.jpg 768w\" sizes=\"(max-width: 900px) 100vw, 900px\" \/><\/a><\/figure>\n\n\n\n<figure class=\"wp-block-image size-large is-style-default\"><a href=\"https:\/\/ens9006-infd.mendoza.edu.ar\/sitio\/wp-content\/uploads\/2024\/11\/Jornadas-de-practiica-2024_11.jpg\"><img decoding=\"async\" loading=\"lazy\" width=\"900\" height=\"675\" data-id=\"3691\"  src=\"https:\/\/ens9006-infd.mendoza.edu.ar\/sitio\/wp-content\/uploads\/2024\/11\/Jornadas-de-practiica-2024_11.jpg\" alt=\"\" class=\"wp-image-3691\" srcset=\"https:\/\/ens9006-infd.mendoza.edu.ar\/sitio\/wp-content\/uploads\/2024\/11\/Jornadas-de-practiica-2024_11.jpg 900w, https:\/\/ens9006-infd.mendoza.edu.ar\/sitio\/wp-content\/uploads\/2024\/11\/Jornadas-de-practiica-2024_11-768x576.jpg 768w\" sizes=\"(max-width: 900px) 100vw, 900px\" \/><\/a><\/figure>\n\n\n\n<figure class=\"wp-block-image size-large is-style-default\"><a href=\"https:\/\/ens9006-infd.mendoza.edu.ar\/sitio\/wp-content\/uploads\/2024\/11\/Jornadas-de-practiica-2024_12.jpg\"><img decoding=\"async\" loading=\"lazy\" width=\"900\" height=\"675\" data-id=\"3695\"  src=\"https:\/\/ens9006-infd.mendoza.edu.ar\/sitio\/wp-content\/uploads\/2024\/11\/Jornadas-de-practiica-2024_12.jpg\" alt=\"\" class=\"wp-image-3695\" srcset=\"https:\/\/ens9006-infd.mendoza.edu.ar\/sitio\/wp-content\/uploads\/2024\/11\/Jornadas-de-practiica-2024_12.jpg 900w, https:\/\/ens9006-infd.mendoza.edu.ar\/sitio\/wp-content\/uploads\/2024\/11\/Jornadas-de-practiica-2024_12-768x576.jpg 768w\" sizes=\"(max-width: 900px) 100vw, 900px\" \/><\/a><\/figure>\n\n\n\n<figure class=\"wp-block-image size-large is-style-default\"><a href=\"https:\/\/ens9006-infd.mendoza.edu.ar\/sitio\/wp-content\/uploads\/2024\/11\/Jornadas-de-practiica-2024_14.jpg\"><img decoding=\"async\" loading=\"lazy\" width=\"900\" height=\"900\" data-id=\"3694\"  src=\"https:\/\/ens9006-infd.mendoza.edu.ar\/sitio\/wp-content\/uploads\/2024\/11\/Jornadas-de-practiica-2024_14.jpg\" alt=\"\" class=\"wp-image-3694\" srcset=\"https:\/\/ens9006-infd.mendoza.edu.ar\/sitio\/wp-content\/uploads\/2024\/11\/Jornadas-de-practiica-2024_14.jpg 900w, https:\/\/ens9006-infd.mendoza.edu.ar\/sitio\/wp-content\/uploads\/2024\/11\/Jornadas-de-practiica-2024_14-500x500.jpg 500w, https:\/\/ens9006-infd.mendoza.edu.ar\/sitio\/wp-content\/uploads\/2024\/11\/Jornadas-de-practiica-2024_14-768x768.jpg 768w\" sizes=\"(max-width: 900px) 100vw, 900px\" \/><\/a><\/figure>\n\n\n\n<figure class=\"wp-block-image size-large is-style-default\"><a href=\"https:\/\/ens9006-infd.mendoza.edu.ar\/sitio\/wp-content\/uploads\/2024\/11\/Jornadas-de-practiica-2024_15.jpg\"><img decoding=\"async\" loading=\"lazy\" width=\"900\" height=\"675\" data-id=\"3693\"  src=\"https:\/\/ens9006-infd.mendoza.edu.ar\/sitio\/wp-content\/uploads\/2024\/11\/Jornadas-de-practiica-2024_15.jpg\" alt=\"\" class=\"wp-image-3693\" srcset=\"https:\/\/ens9006-infd.mendoza.edu.ar\/sitio\/wp-content\/uploads\/2024\/11\/Jornadas-de-practiica-2024_15.jpg 900w, https:\/\/ens9006-infd.mendoza.edu.ar\/sitio\/wp-content\/uploads\/2024\/11\/Jornadas-de-practiica-2024_15-768x576.jpg 768w\" sizes=\"(max-width: 900px) 100vw, 900px\" \/><\/a><\/figure>\n\n\n\n<figure class=\"wp-block-image size-large is-style-default\"><a href=\"https:\/\/ens9006-infd.mendoza.edu.ar\/sitio\/wp-content\/uploads\/2024\/11\/Jornadas-de-practiica-2024_13.jpg\"><img decoding=\"async\" loading=\"lazy\" width=\"900\" height=\"675\" data-id=\"3692\"  src=\"https:\/\/ens9006-infd.mendoza.edu.ar\/sitio\/wp-content\/uploads\/2024\/11\/Jornadas-de-practiica-2024_13.jpg\" alt=\"\" class=\"wp-image-3692\" srcset=\"https:\/\/ens9006-infd.mendoza.edu.ar\/sitio\/wp-content\/uploads\/2024\/11\/Jornadas-de-practiica-2024_13.jpg 900w, https:\/\/ens9006-infd.mendoza.edu.ar\/sitio\/wp-content\/uploads\/2024\/11\/Jornadas-de-practiica-2024_13-768x576.jpg 768w\" sizes=\"(max-width: 900px) 100vw, 900px\" \/><\/a><\/figure>\n\n\n\n<figure class=\"wp-block-image size-large is-style-default\"><a href=\"https:\/\/ens9006-infd.mendoza.edu.ar\/sitio\/wp-content\/uploads\/2024\/11\/Jornadas-de-practiica-2024_9.jpg\"><img decoding=\"async\" loading=\"lazy\" width=\"900\" height=\"506\" data-id=\"3689\"  src=\"https:\/\/ens9006-infd.mendoza.edu.ar\/sitio\/wp-content\/uploads\/2024\/11\/Jornadas-de-practiica-2024_9.jpg\" alt=\"\" class=\"wp-image-3689\" srcset=\"https:\/\/ens9006-infd.mendoza.edu.ar\/sitio\/wp-content\/uploads\/2024\/11\/Jornadas-de-practiica-2024_9.jpg 900w, https:\/\/ens9006-infd.mendoza.edu.ar\/sitio\/wp-content\/uploads\/2024\/11\/Jornadas-de-practiica-2024_9-768x432.jpg 768w\" sizes=\"(max-width: 900px) 100vw, 900px\" \/><\/a><\/figure>\n\n\n\n<figure class=\"wp-block-image size-large is-style-default\"><a href=\"https:\/\/ens9006-infd.mendoza.edu.ar\/sitio\/wp-content\/uploads\/2024\/11\/Jornadas-de-practiica-2024_8.jpg\"><img decoding=\"async\" loading=\"lazy\" width=\"900\" height=\"675\" data-id=\"3688\"  src=\"https:\/\/ens9006-infd.mendoza.edu.ar\/sitio\/wp-content\/uploads\/2024\/11\/Jornadas-de-practiica-2024_8.jpg\" alt=\"\" class=\"wp-image-3688\" srcset=\"https:\/\/ens9006-infd.mendoza.edu.ar\/sitio\/wp-content\/uploads\/2024\/11\/Jornadas-de-practiica-2024_8.jpg 900w, https:\/\/ens9006-infd.mendoza.edu.ar\/sitio\/wp-content\/uploads\/2024\/11\/Jornadas-de-practiica-2024_8-768x576.jpg 768w\" sizes=\"(max-width: 900px) 100vw, 900px\" \/><\/a><\/figure>\n\n\n\n<figure class=\"wp-block-image size-large is-style-default\"><a href=\"https:\/\/ens9006-infd.mendoza.edu.ar\/sitio\/wp-content\/uploads\/2024\/11\/Jornadas-de-practiica-2024_10.jpg\"><img decoding=\"async\" loading=\"lazy\" width=\"900\" height=\"506\" data-id=\"3690\"  src=\"https:\/\/ens9006-infd.mendoza.edu.ar\/sitio\/wp-content\/uploads\/2024\/11\/Jornadas-de-practiica-2024_10.jpg\" alt=\"\" class=\"wp-image-3690\" srcset=\"https:\/\/ens9006-infd.mendoza.edu.ar\/sitio\/wp-content\/uploads\/2024\/11\/Jornadas-de-practiica-2024_10.jpg 900w, https:\/\/ens9006-infd.mendoza.edu.ar\/sitio\/wp-content\/uploads\/2024\/11\/Jornadas-de-practiica-2024_10-768x432.jpg 768w\" sizes=\"(max-width: 900px) 100vw, 900px\" \/><\/a><\/figure>\n<\/figure>\n\n\n\n<p><\/p>\n\n\n\n<p><\/p>\n\n\n\n<h4 class=\"wp-block-heading\"><strong>Calendario de Actividades<\/strong><\/h4>\n\n\n\n<p>&#x1f4cc; <strong>Viernes 8 de noviembre <\/strong><\/p>\n\n\n\n<ul>\n<li><strong>8:30 a 12:30 hs<\/strong><br><em>Plaza Departamental<\/em><br>Muestra de experiencias en el espacio p\u00fablico con la destacada participaci\u00f3n de la <strong>Banda Municipal Blas Blotta<\/strong> y el acompa\u00f1amientos de escuelas asociadas, a trav\u00e9s del coro de ni\u00f1os de la <strong>Escuela N\u00b0 1-515 \u00abLeonor Ferreyra\u00bb<\/strong> y el  inspirador <strong>proyecto \u00abLa Quinta La Leonor<\/strong>\u00ab, una iniciativa que ha transformado a su comunidad.<\/li>\n<\/ul>\n\n\n\n<p>&#x1f4cc; <strong>Lunes 11 de noviembre <\/strong><\/p>\n\n\n\n<ul>\n<li><strong>14:30 a 17:00 hs<\/strong><br>Trabajo de reflexi\u00f3n y escritura con estudiantes de <strong>Pr\u00e1cticas de Profesorado Docente (PPD) I y II<\/strong>.<\/li>\n<\/ul>\n\n\n\n<p>&#x1f4cc;  <strong>Martes 12 de noviembre<\/strong><\/p>\n\n\n\n<ul>\n<li><strong>14:30 a 17:30 hs<\/strong>: Taller de intercambio y construcci\u00f3n: <em>\u00ab&#8230;y Vos \u00bfQu\u00e9 RA\u00cdZ queres Ser?\u00bb<\/em> dirigido a estudiantes de <strong>PPD III y IV<\/strong>.<\/li>\n\n\n\n<li><strong>18:00 hs<\/strong>: Charla destinada a docentes noveles para compartir experiencias y aprendizajes.<\/li>\n<\/ul>\n\n\n\n<figure class=\"wp-block-image size-full is-style-default\"><img decoding=\"async\" loading=\"lazy\" width=\"1600\" height=\"1599\" src=\"https:\/\/ens9006-infd.mendoza.edu.ar\/sitio\/wp-content\/uploads\/2024\/11\/Jornada-de-practica-2024.jpeg\" alt=\"\" class=\"wp-image-3674\" srcset=\"https:\/\/ens9006-infd.mendoza.edu.ar\/sitio\/wp-content\/uploads\/2024\/11\/Jornada-de-practica-2024.jpeg 1600w, https:\/\/ens9006-infd.mendoza.edu.ar\/sitio\/wp-content\/uploads\/2024\/11\/Jornada-de-practica-2024-1000x1000.jpeg 1000w, https:\/\/ens9006-infd.mendoza.edu.ar\/sitio\/wp-content\/uploads\/2024\/11\/Jornada-de-practica-2024-500x500.jpeg 500w, https:\/\/ens9006-infd.mendoza.edu.ar\/sitio\/wp-content\/uploads\/2024\/11\/Jornada-de-practica-2024-768x768.jpeg 768w, https:\/\/ens9006-infd.mendoza.edu.ar\/sitio\/wp-content\/uploads\/2024\/11\/Jornada-de-practica-2024-1536x1536.jpeg 1536w\" sizes=\"(max-width: 1600px) 100vw, 1600px\" \/><\/figure>\n\n\n\n<p><strong>Los esperamos a todos para nutrir, cuidar y regar juntos mejores ra\u00edces que fortalezcan la formaci\u00f3n docente inicial.<\/strong> \u00a1No te pierdas esta oportunidad de crecer en comunidad!<\/p>\n","protected":false},"excerpt":{"rendered":"<p>&#x1f331; \u00abDe Ra\u00edces venimos, a Ra\u00edces vamos.\u00bb&#x1f331; Hace 12 a\u00f1os venimos realizando estas maravillosas Jornadas que buscan vivenciar lo aprendido durante el a\u00f1o de pr\u00e1cticas en el territorio. Este a\u00f1o hemos pensado y planificado las pr\u00e1cticas en nuestro Instituto desde un idea: LAS RA\u00cdCES. Se preguntar\u00e1n \u00bfpor qu\u00e9 las ra\u00edces? Porque las ra\u00edces siempre nos &#8230; <a title=\"XII Jornadas de Pr\u00e1ctica Profesional y Residencia Docente 2024\" class=\"read-more\" href=\"https:\/\/ens9006-infd.mendoza.edu.ar\/sitio\/xii-jornadas-de-practica-profesional-y-residencia-docente-2024\/\" aria-label=\"More on XII Jornadas de Pr\u00e1ctica Profesional y Residencia Docente 2024\">[+]<\/a><\/p>\n","protected":false},"author":1406,"featured_media":3673,"comment_status":"closed","ping_status":"closed","sticky":false,"template":"","format":"standard","meta":[],"categories":[7],"tags":[],"acf":[],"_links":{"self":[{"href":"https:\/\/ens9006-infd.mendoza.edu.ar\/sitio\/wp-json\/wp\/v2\/posts\/3672"}],"collection":[{"href":"https:\/\/ens9006-infd.mendoza.edu.ar\/sitio\/wp-json\/wp\/v2\/posts"}],"about":[{"href":"https:\/\/ens9006-infd.mendoza.edu.ar\/sitio\/wp-json\/wp\/v2\/types\/post"}],"author":[{"embeddable":true,"href":"https:\/\/ens9006-infd.mendoza.edu.ar\/sitio\/wp-json\/wp\/v2\/users\/1406"}],"replies":[{"embeddable":true,"href":"https:\/\/ens9006-infd.mendoza.edu.ar\/sitio\/wp-json\/wp\/v2\/comments?post=3672"}],"version-history":[{"count":6,"href":"https:\/\/ens9006-infd.mendoza.edu.ar\/sitio\/wp-json\/wp\/v2\/posts\/3672\/revisions"}],"predecessor-version":[{"id":3765,"href":"https:\/\/ens9006-infd.mendoza.edu.ar\/sitio\/wp-json\/wp\/v2\/posts\/3672\/revisions\/3765"}],"wp:featuredmedia":[{"embeddable":true,"href":"https:\/\/ens9006-infd.mendoza.edu.ar\/sitio\/wp-json\/wp\/v2\/media\/3673"}],"wp:attachment":[{"href":"https:\/\/ens9006-infd.mendoza.edu.ar\/sitio\/wp-json\/wp\/v2\/media?parent=3672"}],"wp:term":[{"taxonomy":"category","embeddable":true,"href":"https:\/\/ens9006-infd.mendoza.edu.ar\/sitio\/wp-json\/wp\/v2\/categories?post=3672"},{"taxonomy":"post_tag","embeddable":true,"href":"https:\/\/ens9006-infd.mendoza.edu.ar\/sitio\/wp-json\/wp\/v2\/tags?post=3672"}],"curies":[{"name":"wp","href":"https:\/\/api.w.org\/{rel}","templated":true}]}}