{"id":5374,"date":"2026-04-30T16:48:15","date_gmt":"2026-04-30T19:48:15","guid":{"rendered":"https:\/\/ens9006-infd.mendoza.edu.ar\/sitio\/?p=5374"},"modified":"2026-04-30T17:06:00","modified_gmt":"2026-04-30T20:06:00","slug":"experiencias-en-nuestras-aulas-memorias-que-insisten-el-arte-como-forma-de-representar-lo-ausente","status":"publish","type":"post","link":"https:\/\/ens9006-infd.mendoza.edu.ar\/sitio\/experiencias-en-nuestras-aulas-memorias-que-insisten-el-arte-como-forma-de-representar-lo-ausente\/","title":{"rendered":"Experiencias en nuestras aulas: Memorias que insisten, el arte como forma de representar lo ausente"},"content":{"rendered":"\n<p>En el marco del <strong>Taller de Comprensi\u00f3n y Producci\u00f3n de Textos<\/strong>, estudiantes de 1.\u00ba a\u00f1o del Profesorado de Artes Visuales del Instituto de Formaci\u00f3n Docente y T\u00e9cnica N\u00ba 9-006 \u201cProfesor Francisco Humberto Tolosa\u201d desarrollaron una experiencia que articul\u00f3 lectura, reflexi\u00f3n y producci\u00f3n en torno a una pregunta profundamente significativa: <strong>\u00bfc\u00f3mo puede el arte representar aquello que no est\u00e1?<\/strong><\/p>\n\n\n\n<p>La propuesta parti\u00f3 de la lectura de un texto titulado <em>\u201cMemorias que insisten\u201d <\/em>sobre desapariciones forzadas, abordando la memoria como una pr\u00e1ctica activa que interpela el presente. A partir de este disparador, las y los estudiantes exploraron la escritura como forma de pensamiento y creaci\u00f3n, produciendo textos que buscan dar presencia a lo ausente desde una dimensi\u00f3n est\u00e9tica y \u00e9tica.<\/p>\n\n\n\n<blockquote class=\"wp-block-quote\">\n<p><em>\u201cEn el intento, existimos.<br>Pero no como simple persistencia, sino como conciencia que se reh\u00fasa a disolverse en el olvido.<br>Recordar no es un gesto pasivo, es un acto de resistencia ontol\u00f3gica.<br>Nombrar es devolverle ser a aquello que fue condenado a la desaparici\u00f3n.<br>Y hacer presente no es traer el pasado, sino afirmar que nunca dej\u00f3 de insistir en nosotros.<br>Porque lo ausente, cuando es nombrado, deja de ser vac\u00edo, se convierte en presencia que incomoda, que exige, que interpela.<br>Existimos entonces en esa tensi\u00f3n entre lo que falta y lo que insiste, entre el silencio impuesto y la palabra que lo fractura.<br>Y en ese borde, donde la memoria duele y al mismo tiempo funda sentido, lo que fue negado encuentra una forma de seguir siendo.<br>No como lo que fue, sino como lo que, a trav\u00e9s de nosotros, se niega a dejar de existir.\u201d<\/em><br>\u2014 Soto Suden<\/p>\n<\/blockquote>\n\n\n\n<p>La experiencia permiti\u00f3 no solo trabajar habilidades de comprensi\u00f3n y producci\u00f3n textual, sino tambi\u00e9n habilitar un espacio de reflexi\u00f3n donde el arte se configura como lenguaje capaz de nombrar lo silenciado, de hacer visible lo invisible y de sostener la memoria desde la sensibilidad.<\/p>\n\n\n\n<figure class=\"wp-block-gallery has-nested-images columns-default is-cropped wp-block-gallery-1 is-layout-flex\">\n<figure class=\"wp-block-image size-large is-style-default\"><img decoding=\"async\" loading=\"lazy\" width=\"1600\" height=\"1200\" data-id=\"5379\"  src=\"https:\/\/ens9006-infd.mendoza.edu.ar\/sitio\/wp-content\/uploads\/2026\/04\/memoria-1-rotated.jpeg\" alt=\"\" class=\"wp-image-5379\" srcset=\"https:\/\/ens9006-infd.mendoza.edu.ar\/sitio\/wp-content\/uploads\/2026\/04\/memoria-1-rotated.jpeg 1600w, https:\/\/ens9006-infd.mendoza.edu.ar\/sitio\/wp-content\/uploads\/2026\/04\/memoria-1-1000x750.jpeg 1000w, https:\/\/ens9006-infd.mendoza.edu.ar\/sitio\/wp-content\/uploads\/2026\/04\/memoria-1-768x576.jpeg 768w, https:\/\/ens9006-infd.mendoza.edu.ar\/sitio\/wp-content\/uploads\/2026\/04\/memoria-1-1536x1152.jpeg 1536w\" sizes=\"(max-width: 1600px) 100vw, 1600px\" \/><\/figure>\n\n\n\n<figure class=\"wp-block-image size-large is-style-default\"><img decoding=\"async\" loading=\"lazy\" width=\"1000\" height=\"999\" data-id=\"5382\"  src=\"https:\/\/ens9006-infd.mendoza.edu.ar\/sitio\/wp-content\/uploads\/2026\/04\/memoria3.jpeg\" alt=\"\" class=\"wp-image-5382\" srcset=\"https:\/\/ens9006-infd.mendoza.edu.ar\/sitio\/wp-content\/uploads\/2026\/04\/memoria3.jpeg 1000w, https:\/\/ens9006-infd.mendoza.edu.ar\/sitio\/wp-content\/uploads\/2026\/04\/memoria3-500x500.jpeg 500w, https:\/\/ens9006-infd.mendoza.edu.ar\/sitio\/wp-content\/uploads\/2026\/04\/memoria3-768x767.jpeg 768w\" sizes=\"(max-width: 1000px) 100vw, 1000px\" \/><\/figure>\n\n\n\n<figure class=\"wp-block-image size-large is-style-default\"><img decoding=\"async\" loading=\"lazy\" width=\"1600\" height=\"1200\" data-id=\"5384\"  src=\"https:\/\/ens9006-infd.mendoza.edu.ar\/sitio\/wp-content\/uploads\/2026\/04\/memoria4.jpeg\" alt=\"\" class=\"wp-image-5384\" srcset=\"https:\/\/ens9006-infd.mendoza.edu.ar\/sitio\/wp-content\/uploads\/2026\/04\/memoria4.jpeg 1600w, https:\/\/ens9006-infd.mendoza.edu.ar\/sitio\/wp-content\/uploads\/2026\/04\/memoria4-1000x750.jpeg 1000w, https:\/\/ens9006-infd.mendoza.edu.ar\/sitio\/wp-content\/uploads\/2026\/04\/memoria4-768x576.jpeg 768w, https:\/\/ens9006-infd.mendoza.edu.ar\/sitio\/wp-content\/uploads\/2026\/04\/memoria4-1536x1152.jpeg 1536w\" sizes=\"(max-width: 1600px) 100vw, 1600px\" \/><\/figure>\n\n\n\n<figure class=\"wp-block-image size-large is-style-default\"><img decoding=\"async\" loading=\"lazy\" width=\"1000\" height=\"750\" data-id=\"5383\"  src=\"https:\/\/ens9006-infd.mendoza.edu.ar\/sitio\/wp-content\/uploads\/2026\/04\/memoria2.jpeg\" alt=\"\" class=\"wp-image-5383\" srcset=\"https:\/\/ens9006-infd.mendoza.edu.ar\/sitio\/wp-content\/uploads\/2026\/04\/memoria2.jpeg 1000w, https:\/\/ens9006-infd.mendoza.edu.ar\/sitio\/wp-content\/uploads\/2026\/04\/memoria2-768x576.jpeg 768w\" sizes=\"(max-width: 1000px) 100vw, 1000px\" \/><\/figure>\n<\/figure>\n","protected":false},"excerpt":{"rendered":"<p>En el marco del Taller de Comprensi\u00f3n y Producci\u00f3n de Textos, estudiantes de 1.\u00ba a\u00f1o del Profesorado de Artes Visuales del Instituto de Formaci\u00f3n Docente y T\u00e9cnica N\u00ba 9-006 \u201cProfesor Francisco Humberto Tolosa\u201d desarrollaron una experiencia que articul\u00f3 lectura, reflexi\u00f3n y producci\u00f3n en torno a una pregunta profundamente significativa: \u00bfc\u00f3mo puede el arte representar aquello &#8230; <a title=\"Experiencias en nuestras aulas: Memorias que insisten, el arte como forma de representar lo ausente\" class=\"read-more\" href=\"https:\/\/ens9006-infd.mendoza.edu.ar\/sitio\/experiencias-en-nuestras-aulas-memorias-que-insisten-el-arte-como-forma-de-representar-lo-ausente\/\" aria-label=\"More on Experiencias en nuestras aulas: Memorias que insisten, el arte como forma de representar lo ausente\">[+]<\/a><\/p>\n","protected":false},"author":1406,"featured_media":5375,"comment_status":"closed","ping_status":"closed","sticky":false,"template":"","format":"standard","meta":[],"categories":[8,6],"tags":[],"acf":[],"_links":{"self":[{"href":"https:\/\/ens9006-infd.mendoza.edu.ar\/sitio\/wp-json\/wp\/v2\/posts\/5374"}],"collection":[{"href":"https:\/\/ens9006-infd.mendoza.edu.ar\/sitio\/wp-json\/wp\/v2\/posts"}],"about":[{"href":"https:\/\/ens9006-infd.mendoza.edu.ar\/sitio\/wp-json\/wp\/v2\/types\/post"}],"author":[{"embeddable":true,"href":"https:\/\/ens9006-infd.mendoza.edu.ar\/sitio\/wp-json\/wp\/v2\/users\/1406"}],"replies":[{"embeddable":true,"href":"https:\/\/ens9006-infd.mendoza.edu.ar\/sitio\/wp-json\/wp\/v2\/comments?post=5374"}],"version-history":[{"count":3,"href":"https:\/\/ens9006-infd.mendoza.edu.ar\/sitio\/wp-json\/wp\/v2\/posts\/5374\/revisions"}],"predecessor-version":[{"id":5387,"href":"https:\/\/ens9006-infd.mendoza.edu.ar\/sitio\/wp-json\/wp\/v2\/posts\/5374\/revisions\/5387"}],"wp:featuredmedia":[{"embeddable":true,"href":"https:\/\/ens9006-infd.mendoza.edu.ar\/sitio\/wp-json\/wp\/v2\/media\/5375"}],"wp:attachment":[{"href":"https:\/\/ens9006-infd.mendoza.edu.ar\/sitio\/wp-json\/wp\/v2\/media?parent=5374"}],"wp:term":[{"taxonomy":"category","embeddable":true,"href":"https:\/\/ens9006-infd.mendoza.edu.ar\/sitio\/wp-json\/wp\/v2\/categories?post=5374"},{"taxonomy":"post_tag","embeddable":true,"href":"https:\/\/ens9006-infd.mendoza.edu.ar\/sitio\/wp-json\/wp\/v2\/tags?post=5374"}],"curies":[{"name":"wp","href":"https:\/\/api.w.org\/{rel}","templated":true}]}}